{"id":608,"date":"2025-06-19T14:00:18","date_gmt":"2025-06-19T14:00:18","guid":{"rendered":"https:\/\/samsinadu.de\/?p=608"},"modified":"2025-06-19T14:00:18","modified_gmt":"2025-06-19T14:00:18","slug":"aerogel-pendelleuchte-mit-pcm-kern-licht-akustik-warmespeicher-in-einem-modul","status":"publish","type":"post","link":"https:\/\/samsinadu.de\/index.php\/2025\/06\/19\/aerogel-pendelleuchte-mit-pcm-kern-licht-akustik-warmespeicher-in-einem-modul\/","title":{"rendered":"Aerogel-Pendelleuchte mit PCM-Kern: Licht, Akustik &#038; W\u00e4rmespeicher in einem Modul"},"content":{"rendered":"<p><!-- Einleitung --><\/p>\n<p class=\"einleitung\">\nStatt nur Licht zu spenden, schluckt diese <strong>Pendelleuchte Schallwellen und speichert gleichzeitig W\u00e4rme\u00fcbersch\u00fcsse<\/strong>. M\u00f6glich wird das durch einen Sandwichaufbau aus superleichtem Silika\u00ad-Aerogel und einem Phase-Change-Material (PCM) im Kern. Das Ergebnis: ein schwebendes Akustikpanel, das den Raum erhellt, f\u00fcr angenehme Nachhallzeiten sorgt und abends latent W\u00e4rme abgibt \u2013 ideal f\u00fcr offene Wohnk\u00fcchen, hohe Altbaur\u00e4ume oder Heimstudios.\n<\/p>\n<p><!-- Abschnitt 1 --><\/p>\n<h2>1. Material- und Schichtaufbau<\/h2>\n<ul>\n<li><strong>Au\u00dfenhaut:<\/strong> Recyceltes PET-Vlies, transluzent beschichtet (Lichtdurchlass 68 %)<\/li>\n<li><strong>D\u00e4mmkern:<\/strong> Hydrophobes Silika-Aerogel, \u03bb = 0,017 W m<sup>-1<\/sup>K<sup>-1<\/sup><\/li>\n<li><strong>PCM-Einlage:<\/strong> 2 kg Bio-Paraffin, Schmelzpunkt 26 \u00b0C, eingeschwei\u00dft in Alu-Laminate<\/li>\n<li><strong>LED-Platine:<\/strong> 24 V SELV, 38 W, CRI \u2265 95, Tunable White 2700\u20136500 K<\/li>\n<li><strong>Reflektor:<\/strong> Myzel-Papier beschichtet mit Bariumtitanat (diffuse Reflexion 92 %)<\/li>\n<li><strong>Abh\u00e4ngung:<\/strong> Stahlseil 1,5 mm mit integrierter DC-Leitung &#038; Zugentlastung<\/li>\n<li><strong>Abmessungen:<\/strong> \u00d8 560 mm \u00d7 H 120 mm, Gewicht 3,8 kg<\/li>\n<\/ul>\n<p><!-- Abschnitt 2 --><\/p>\n<h2>2. Funktionswerte &#038; Kennzahlen<\/h2>\n<table class=\"wp-block-table\">\n<thead>\n<tr>\n<th>Kriterium<\/th>\n<th>Messwert<\/th>\n<th>Alltagsnutzen<\/th>\n<\/tr>\n<\/thead>\n<tbody>\n<tr>\n<td>Akustik-Absorption<\/td>\n<td>\u03b1<sub>w<\/sub> = 0,75 (125\u20134000 Hz)<\/td>\n<td>Reduziert Hallzeit um bis zu 0,3 s<\/td>\n<\/tr>\n<tr>\n<td>Lichtstrom<\/td>\n<td>3500 lm @ 4000 K<\/td>\n<td>Ausleuchtung Esstisch \u2248 2 \u00d7 1,2 m<\/td>\n<\/tr>\n<tr>\n<td>Speicherkapazit\u00e4t PCM<\/td>\n<td>\u2248 160 Wh<\/td>\n<td>3 h f\u00fchlbare W\u00e4rmenachstrahlung<\/td>\n<\/tr>\n<tr>\n<td>Systemwirkungsgrad LED<\/td>\n<td>168 lm W<sup>-1<\/sup><\/td>\n<td>Energiesparend, flicker-frei<\/td>\n<\/tr>\n<tr>\n<td>Graue Energie<\/td>\n<td>9,4 kg CO\u2082-Eq.<\/td>\n<td>Nach 2,8 J Nutzungszeit amortisiert<\/td>\n<\/tr>\n<\/tbody>\n<\/table>\n<p><!-- Bild \u2013 Raumansicht --><br \/>\n<img decoding=\"async\" src=\"https:\/\/samsinadu.de\/wp-content\/uploads\/2025\/06\/u1378381276_Open_plan_kitchen_with_suspended_aerogel_pendant__ccfd6c1a-bcca-4733-9290-65bbc64aaafe_0.png\"\n     alt=\"Offene Wohnk\u00fcche mit schwebender Aerogel-PCM-Pendelleuchte, weiches Licht und akustische D\u00e4mmung\" class=\"wp-image-58034\" \/><\/p>\n<p><!-- Abschnitt 3 --><\/p>\n<h2>3. DIY-Bauanleitung: Eine Leuchte an zwei Nachmittagen<\/h2>\n<div class=\"wp-block-columns\">\n<div class=\"wp-block-column\">\n<h3>3.1 Werkzeug &#038; Material<\/h3>\n<ol>\n<li>CNC-gefr\u00e4ster MDF-Ring \u00d8 560 mm<\/li>\n<li>Aerogel-Granulat 18 l<\/li>\n<li>PET-Vlies transluzent, 0,6 m\u00b2<\/li>\n<li>Bio-Paraffin PCM, 2 kg + Alu-Beutel<\/li>\n<li>LED-Strip 24 V (Tunable White) + Controller<\/li>\n<li>Myzel-Papier-Reflektor \u00d8 500 mm<\/li>\n<li>L\u00f6tkolben, Hei\u00dfsiegelger\u00e4t, Spr\u00fchkleber<\/li>\n<\/ol><\/div>\n<div class=\"wp-block-column\">\n<h3>3.2 Schritt-f\u00fcr-Schritt<\/h3>\n<ol>\n<li>MDF-Ring mit PET-Vlies bespannen &#038; am Rand tackern.<\/li>\n<li>PCM im Wasserbad verfl\u00fcssigen (\u2248 60 \u00b0C) und in Alu-Beutel abf\u00fcllen, luftdicht versiegeln.<\/li>\n<li>Beutel mittig auf Vlies legen, Aerogel aufsch\u00fctten, leicht verdichten (Handschuhe!).<\/li>\n<li>Zweite Vliesschicht auflegen, Kanten verkleben \u2192 komplett geschlossenes Sandwich.<\/li>\n<li>LED-Strip r\u00fcckseitig am MDF-Ring verkleben, Leitungen durch Zugentlastung f\u00fchren.<\/li>\n<li>Myzel-Reflektor einkleben, sorgt f\u00fcr gleichm\u00e4\u00dfige Lichtstreuung.<\/li>\n<li>Stahlseile montieren, DC-Netzteil ankreiseln, DALI- oder Matter-Einbindung konfigurieren.<\/li>\n<\/ol>\n<p>Gesamtkosten (2025): ca. 320 \u20ac inkl. Elektronik.<\/p>\n<\/p><\/div>\n<\/div>\n<p><!-- Abschnitt 4 --><\/p>\n<h2>4. Fallstudie: Altbau-Loft in Leipzig (Raumh\u00f6he 4 m)<\/h2>\n<ul>\n<li><strong>Installiert:<\/strong> 2 \u00d7 Aerogel-PCM-Leuchten \u00fcber Koch- &#038; Esszone<\/li>\n<li><strong>Messzeitraum:<\/strong> Januar \u2013 April 2025<\/li>\n<li><strong>Ergebnisse:<\/strong>\n<ul>\n<li>Nachhallzeit RT60 gesenkt von 0,72 s \u2192 0,43 s<\/li>\n<li>Abendliche Lufttemperatur stabil +0,7 K ohne Zusatzheizung<\/li>\n<li>Subjektive Behaglichkeit (ASHRAE-7-Skala) +1 Punkt<\/li>\n<\/ul>\n<\/li>\n<\/ul>\n<p><!-- Abschnitt 5 --><\/p>\n<h2>5. Pro \/ Contra kompakt<\/h2>\n<table class=\"wp-block-table\">\n<thead>\n<tr>\n<th>Aspekt<\/th>\n<th>Pro<\/th>\n<th>Contra<\/th>\n<\/tr>\n<\/thead>\n<tbody>\n<tr>\n<td>Multifunktion<\/td>\n<td>Akustik + Licht + W\u00e4rme<\/td>\n<td>H\u00f6here Bauh\u00f6he als Standard-Pendelleuchte<\/td>\n<\/tr>\n<tr>\n<td>Gewicht<\/td>\n<td>Leicht (3,8 kg)<\/td>\n<td>Aerogel staubt bei Besch\u00e4digung<\/td>\n<\/tr>\n<tr>\n<td>DIY-Tauglichkeit<\/td>\n<td>Werkstattfrei montierbar<\/td>\n<td>Aerogel-Granulat kostenintensiv<\/td>\n<\/tr>\n<tr>\n<td>Nachhaltigkeit<\/td>\n<td>PET-Recycling &#038; Bio-PCM<\/td>\n<td>Alu-Beutel schwer trennbar<\/td>\n<\/tr>\n<tr>\n<td>Design<\/td>\n<td>Sanft diffuse Lichtkuppel<\/td>\n<td>Nur Rundform derzeit verf\u00fcgbar<\/td>\n<\/tr>\n<\/tbody>\n<\/table>\n<p><!-- Abschnitt 6 --><\/p>\n<h2>6. Gesundheit &#038; Nachhaltigkeit<\/h2>\n<ul>\n<li><strong>VOC-frei:<\/strong> Alle Klebstoffe l\u00f6sungsmittelfrei &#038; ISO 16000-gepr\u00fcft.<\/li>\n<li><strong>Brandschutz:<\/strong> Aerogel ist nicht brennbar (A2), PCM Klasse B-s1,d0.<\/li>\n<li><strong>Circular:<\/strong> Sandwich trennbar; Aerogel als Bodenverbesserer einsetzbar, PCM nachf\u00fcllbar.<\/li>\n<\/ul>\n<p><!-- Abschnitt 7 --><\/p>\n<h2>7. Blick in die Zukunft: Adaptive Licht- &#038; Speicherkuppeln<\/h2>\n<ul>\n<li><strong>Thermochromie:<\/strong> Pigmentschicht wechselt Farbe je nach PCM-Ladezustand.<\/li>\n<li><strong>Aerogel-3D-Print:<\/strong> Strukturierte Innenkan\u00e4le f\u00fcr gezielte Schallstreuung.<\/li>\n<li><strong>Perowskit-Solarhaut:<\/strong> D\u00fcnnschichtzellen auf Oberseite versorgen LED autark.<\/li>\n<\/ul>\n<p><!-- Fazit --><\/p>\n<h2>Fazit: Schwebende Effizienz<\/h2>\n<p>\nDie <strong>Aerogel-Pendelleuchte mit PCM-Kern<\/strong> zeigt, dass moderne Leuchten weit mehr k\u00f6nnen als leuchten. Sie reguliert akustische sowie thermische Spitzen, spart Energie und setzt gleichzeitig ein minimalistisches Designstatement \u2013 perfekt f\u00fcr alle, die Raumklima und \u00c4sthetik gleicherma\u00dfen optimieren wollen.<\/p>\n","protected":false},"excerpt":{"rendered":"<p>Statt nur Licht zu spenden, schluckt diese Pendelleuchte Schallwellen und speichert gleichzeitig W\u00e4rme\u00fcbersch\u00fcsse. M\u00f6glich wird das durch einen Sandwichaufbau aus superleichtem Silika\u00ad-Aerogel und einem Phase-Change-Material (PCM) im Kern. Das Ergebnis: ein schwebendes Akustikpanel, das den Raum erhellt, f\u00fcr angenehme Nachhallzeiten sorgt und abends latent W\u00e4rme abgibt \u2013 ideal f\u00fcr offene Wohnk\u00fcchen, hohe Altbaur\u00e4ume oder Heimstudios. [&hellip;]<\/p>\n","protected":false},"author":1,"featured_media":609,"comment_status":"closed","ping_status":"open","sticky":false,"template":"","format":"standard","meta":{"footnotes":""},"categories":[26],"tags":[],"class_list":["post-608","post","type-post","status-publish","format-standard","has-post-thumbnail","hentry","category-beleuchtung"],"_links":{"self":[{"href":"https:\/\/samsinadu.de\/index.php\/wp-json\/wp\/v2\/posts\/608","targetHints":{"allow":["GET"]}}],"collection":[{"href":"https:\/\/samsinadu.de\/index.php\/wp-json\/wp\/v2\/posts"}],"about":[{"href":"https:\/\/samsinadu.de\/index.php\/wp-json\/wp\/v2\/types\/post"}],"author":[{"embeddable":true,"href":"https:\/\/samsinadu.de\/index.php\/wp-json\/wp\/v2\/users\/1"}],"replies":[{"embeddable":true,"href":"https:\/\/samsinadu.de\/index.php\/wp-json\/wp\/v2\/comments?post=608"}],"version-history":[{"count":1,"href":"https:\/\/samsinadu.de\/index.php\/wp-json\/wp\/v2\/posts\/608\/revisions"}],"predecessor-version":[{"id":611,"href":"https:\/\/samsinadu.de\/index.php\/wp-json\/wp\/v2\/posts\/608\/revisions\/611"}],"wp:featuredmedia":[{"embeddable":true,"href":"https:\/\/samsinadu.de\/index.php\/wp-json\/wp\/v2\/media\/609"}],"wp:attachment":[{"href":"https:\/\/samsinadu.de\/index.php\/wp-json\/wp\/v2\/media?parent=608"}],"wp:term":[{"taxonomy":"category","embeddable":true,"href":"https:\/\/samsinadu.de\/index.php\/wp-json\/wp\/v2\/categories?post=608"},{"taxonomy":"post_tag","embeddable":true,"href":"https:\/\/samsinadu.de\/index.php\/wp-json\/wp\/v2\/tags?post=608"}],"curies":[{"name":"wp","href":"https:\/\/api.w.org\/{rel}","templated":true}]}}